{"id":243,"date":"2023-10-13T09:10:07","date_gmt":"2023-10-13T14:10:07","guid":{"rendered":"https:\/\/montessoricali.edu.co\/blog\/?p=243"},"modified":"2023-10-13T09:24:18","modified_gmt":"2023-10-13T14:24:18","slug":"formar-para-la-vida-un-enfoque-holistico-de-la-educacion-en-el-siglo-xxi","status":"publish","type":"post","link":"https:\/\/montessoricali.edu.co\/blog\/index.php\/2023\/10\/13\/formar-para-la-vida-un-enfoque-holistico-de-la-educacion-en-el-siglo-xxi\/","title":{"rendered":"FORMAR PARA LA VIDA: UN\u00a0 ENFOQUE HOL\u00cdSTICO DE LA EDUCACI\u00d3N EN EL SIGLO XXI"},"content":{"rendered":"\n<p><\/p>\n\n\n<div class=\"wp-block-image\">\n<figure class=\"alignright size-large is-resized\"><img loading=\"lazy\" decoding=\"async\" width=\"1024\" height=\"1024\" src=\"https:\/\/montessoricali.edu.co\/blog\/wp-content\/uploads\/2023\/10\/1-1-1024x1024.jpg\" alt=\"\" class=\"wp-image-249\" style=\"aspect-ratio:1;width:509px;height:auto\" srcset=\"https:\/\/montessoricali.edu.co\/blog\/wp-content\/uploads\/2023\/10\/1-1-1024x1024.jpg 1024w, https:\/\/montessoricali.edu.co\/blog\/wp-content\/uploads\/2023\/10\/1-1-300x300.jpg 300w, https:\/\/montessoricali.edu.co\/blog\/wp-content\/uploads\/2023\/10\/1-1-150x150.jpg 150w, https:\/\/montessoricali.edu.co\/blog\/wp-content\/uploads\/2023\/10\/1-1-768x768.jpg 768w, https:\/\/montessoricali.edu.co\/blog\/wp-content\/uploads\/2023\/10\/1-1-1536x1536.jpg 1536w, https:\/\/montessoricali.edu.co\/blog\/wp-content\/uploads\/2023\/10\/1-1-2048x2048.jpg 2048w\" sizes=\"auto, (max-width: 1024px) 100vw, 1024px\" \/><\/figure>\n<\/div>\n\n\n<p>La educaci\u00f3n ha sido objeto de&nbsp;extensos debates a lo largo de la historia, especialmente en relaci\u00f3n con sus fines y prop\u00f3sitos. En el mundo contempor\u00e1neo, se ha observado un enfoque dominante en el sistema educativo &nbsp;que&nbsp; vincula&nbsp; el proceso de ense\u00f1anza- aprendizaje exclusivamente a intereses laborales y econ\u00f3micos. Este paradigma se ha nutrido de las teor\u00edas de reproducci\u00f3n y capital humano, que consideran a la educaci\u00f3n como una preparaci\u00f3n para el mercado laboral y la econom\u00eda, ignorando aspectos fundamentales de la formaci\u00f3n humana y la ciudadan\u00eda activa (Bourdieu &amp; Passeron, 1970; Schultz, 1961).<\/p>\n\n\n\n<p>Dentro de esta perspectiva, se ha promovido una competencia exacerbada en el \u00e1mbito educativo, &nbsp;reflejada&nbsp; en pr\u00e1cticas como las acreditaciones, &nbsp;los&nbsp; rankings&nbsp; y los puntajes estandarizados.<\/p>\n\n\n\n<p>Estas&nbsp;&nbsp;&nbsp; &nbsp;din\u00e1micas,&nbsp;&nbsp;&nbsp; &nbsp;si&nbsp;&nbsp;&nbsp; &nbsp;bien pueden ser \u00fatiles para medir ciertos &nbsp;aspectos &nbsp;de&nbsp; la educaci\u00f3n y comparar su eficiencia, tambi\u00e9n han contribuido a enfocar el proceso educativo en la obtenci\u00f3n de resultados tangibles y cuantificables, alej\u00e1ndolo de su verdadero prop\u00f3sito: la formaci\u00f3n integral de individuos capaces de enfrentar los desaf\u00edos&nbsp; de&nbsp; la&nbsp; vida&nbsp; con sabidur\u00eda y discernimiento.<\/p>\n\n\n\n<p>En este sentido, cabe preguntarnos si este enfoque exclusivamente utilitarista de la educaci\u00f3n&nbsp; realmente &nbsp;forma &nbsp;a los individuos para la vida.<\/p>\n\n\n\n<p>Si bien es indiscutible que las habilidades laborales y t\u00e9cnicas son&nbsp; esenciales&nbsp; para&nbsp; el desarrollo de una sociedad productiva, es igualmente relevante considerar la educaci\u00f3n desde una perspectiva m\u00e1s amplia y hol\u00edstica. Como menciona Nussbaum (2001), la educaci\u00f3n debe trascender la mera adquisici\u00f3n de habilidades y conocimientos pr\u00e1cticos, y debe incluir tambi\u00e9n el cultivo de la&nbsp; imaginaci\u00f3n, la reflexi\u00f3n \u00e9tica y la comprensi\u00f3n del mundo y de uno mismo.<\/p>\n\n\n\n<p>La educaci\u00f3n para la vida debe contemplar una formaci\u00f3n integral que abarque tanto aspectos cognitivos como emocionales, sociales y \u00e9ticos. De acuerdo con Delors (1996), la educaci\u00f3n debe permitir que los estudiantes desarrollen competencias fundamentales, como el pensamiento&nbsp; cr\u00edtico y creativo, la resoluci\u00f3n de problemas, la comunicaci\u00f3n efectiva &nbsp;y&nbsp; la&nbsp; colaboraci\u00f3n. Estas habilidades no solo son valiosas en el \u00e1mbito laboral, sino que tambi\u00e9n son fundamentales para la vida cotidiana y para la construcci\u00f3n de una sociedad m\u00e1s justa y equitativa.<\/p>\n\n\n<div class=\"wp-block-image\">\n<figure class=\"aligncenter size-full\"><img loading=\"lazy\" decoding=\"async\" width=\"396\" height=\"478\" src=\"https:\/\/montessoricali.edu.co\/blog\/wp-content\/uploads\/2023\/10\/rec1.png\" alt=\"\" class=\"wp-image-246\" srcset=\"https:\/\/montessoricali.edu.co\/blog\/wp-content\/uploads\/2023\/10\/rec1.png 396w, https:\/\/montessoricali.edu.co\/blog\/wp-content\/uploads\/2023\/10\/rec1-249x300.png 249w\" sizes=\"auto, (max-width: 396px) 100vw, 396px\" \/><\/figure>\n<\/div>\n\n\n<p>En este contexto, los sistemas educativos &nbsp;deben&nbsp; promover una educaci\u00f3n integral que fomente el pensamiento cr\u00edtico y la empat\u00eda. Como se\u00f1ala Noddings (2005), la educaci\u00f3n debe&nbsp; centrarse &nbsp;en la creaci\u00f3n de relaciones aut\u00e9nticas entre estudiantes &nbsp;y&nbsp; educadores, &nbsp;lo que permitir\u00e1 un aprendizaje significativo&nbsp; &nbsp;y&nbsp;&nbsp; una&nbsp;&nbsp; formaci\u00f3n m\u00e1s completa. Esta perspectiva humanista de la educaci\u00f3n implica reconocer y valorar la singularidad de cada individuo, cultivando su autoestima y sentido de pertenencia, y desarrollando&nbsp; su&nbsp; capacidad para&nbsp; comprender y respetar &nbsp;a los dem\u00e1s.<\/p>\n\n\n\n<p>Sin embargo, en la pr\u00e1ctica educativa, existen tensiones evidentes entre este enfoque humanista y el \u00e9nfasis excesivo en la evaluaci\u00f3n estandarizada. Los sistemas educativos basados en pruebas estandarizadas pueden llevar a una educaci\u00f3n centrada en memorizar informaci\u00f3n y en la b\u00fasqueda de puntajes altos, en detrimento de la exploraci\u00f3n de temas m\u00e1s profundos y del desarrollo&nbsp; de&nbsp; habilidades cr\u00edticas&nbsp;&nbsp; &nbsp;y&nbsp; &nbsp;creativas&nbsp; &nbsp;(Eisner, 2001). Esta perspectiva reduccionista de la educaci\u00f3n puede llevar a una formaci\u00f3n superficial y estandarizada que no se adapta a las necesidades y particularidades de cada estudiante.<\/p>\n\n\n\n<p>En contraste, la tecnolog\u00eda educativa y la inteligencia artificial generativa ofrecen oportunidades prometedoras para mejorar la ense\u00f1anza y el aprendizaje. La personalizaci\u00f3n de&nbsp; la&nbsp; educaci\u00f3n, &nbsp;mediante &nbsp;el uso de algoritmos y plataformas de&nbsp; aprendizaje&nbsp; adaptativo, puede brindar a los estudiantes experiencias educativas m\u00e1s individualizadas y efectivas (Siemens &amp; Long, 2011). Adem\u00e1s, el acceso a recursos educativos en l\u00ednea puede democratizar el conocimiento y ampliar las oportunidades de aprendizaje para personas de diversas comunidades y contextos socioecon\u00f3micos.<\/p>\n\n\n<div class=\"wp-block-image\">\n<figure class=\"aligncenter size-full is-resized\"><img loading=\"lazy\" decoding=\"async\" width=\"620\" height=\"464\" src=\"https:\/\/montessoricali.edu.co\/blog\/wp-content\/uploads\/2023\/10\/rec2.png\" alt=\"\" class=\"wp-image-248\" style=\"aspect-ratio:1.3362068965517242;width:412px;height:auto\" srcset=\"https:\/\/montessoricali.edu.co\/blog\/wp-content\/uploads\/2023\/10\/rec2.png 620w, https:\/\/montessoricali.edu.co\/blog\/wp-content\/uploads\/2023\/10\/rec2-300x225.png 300w\" sizes=\"auto, (max-width: 620px) 100vw, 620px\" \/><\/figure>\n<\/div>\n\n\n<p>No obstante, es fundamental utilizar estas tecnolog\u00edas de manera responsable y \u00e9tica. La educaci\u00f3n&nbsp; no&nbsp; puede&nbsp; ser reducida&nbsp; a&nbsp; la&nbsp; mera transferencia &nbsp;de informaci\u00f3n&nbsp; o a una interacci\u00f3n puramente tecnol\u00f3gica. La presencia de educadores capacitados y comprometidos sigue siendo esencial&nbsp; para&nbsp; guiar&nbsp; y acompa\u00f1ar a los estudiantes en su&nbsp; proceso&nbsp; de&nbsp; formaci\u00f3n integral (Selwyn, 2013). La inteligencia artificial puede ser una herramienta valiosa, pero nunca debe reemplazar la conexi\u00f3n humana que se establece entre educador y estudiante, ya que es en ese v\u00ednculo donde se promueve una educaci\u00f3n verdaderamente significativa y transformadora.<\/p>\n\n\n\n<p>Dado lo anterior, la educaci\u00f3n debe ser concebida como un proceso que va m\u00e1s all\u00e1 de la mera&nbsp; preparaci\u00f3n&nbsp; para&nbsp; el mundo laboral. Formar para la vida implica una educaci\u00f3n hol\u00edstica que abarque tanto aspectos cognitivos como emocionales, sociales y \u00e9ticos. Los sistemas educativos deben trascender el enfoque meramente&nbsp; utilitarista &nbsp;y centrarse en cultivar individuos con habilidades intelectuales s\u00f3lidas, pero tambi\u00e9n con valores \u00e9ticos y sociales bien arraigados. &nbsp;La&nbsp; tecnolog\u00eda puede ser una aliada en este proceso, pero siempre debe utilizarse con responsabilidad y sin perder de vista el objetivo esencial de la educaci\u00f3n: nutrir la mente y el esp\u00edritu para enfrentar los desaf\u00edos de la vida con sabidur\u00eda y comprensi\u00f3n (Gardner, 2007).<\/p>\n\n\n<div class=\"wp-block-image\">\n<figure class=\"aligncenter size-full is-resized\"><img loading=\"lazy\" decoding=\"async\" width=\"540\" height=\"370\" src=\"https:\/\/montessoricali.edu.co\/blog\/wp-content\/uploads\/2023\/10\/rec3.png\" alt=\"\" class=\"wp-image-253\" style=\"aspect-ratio:1.4594594594594594;width:350px;height:auto\" srcset=\"https:\/\/montessoricali.edu.co\/blog\/wp-content\/uploads\/2023\/10\/rec3.png 540w, https:\/\/montessoricali.edu.co\/blog\/wp-content\/uploads\/2023\/10\/rec3-300x206.png 300w\" sizes=\"auto, (max-width: 540px) 100vw, 540px\" \/><\/figure>\n<\/div>\n\n\n<p><strong>REFERENCIAS BIBLIOGR\u00c1FICAS<\/strong><br>\u25cf BOURDIEU, P., &amp; PASSERON, J. C. (1970). REPRODUCTION IN EDUCATION, SOCIETY, AND CULTURE. SAGE PUBLICATIONS.<br>\u25cf DELORS, J. (1996). LA EDUCACI\u00d3N ENCIERRA UN TESORO. UNESCO.<br>\u25cf EISNER, E. W. (2001). EL ARTE Y LA CIENCIA DE LA ENSE\u00d1ANZA. PAID\u00d3S.<br>\u25cf GARDNER, H. (2007). INTELIGENCIAS M\u00daLTIPLES: LA TEOR\u00cdA EN LA PR\u00c1CTICA. PAID\u00d3S.<br>\u25cf NODDINGS, N. (2005). EDUCATING CITIZENS FOR GLOBAL AWARENESS. TEACHERS COLLEGE PRESS.<br>\u25cf NUSSBAUM, M. C. (2001). LAS FRONTERAS DE LA JUSTICIA: CONSIDERACIONES SOBRE LA EXCLUSI\u00d3N. PAID\u00d3S.<br>\u25cf SCHULTZ, T. W. (1961). INVESTMENT IN HUMAN CAPITAL. THE AMERICAN ECONOMIC REVIEW<br>\u25cf SELWYN, N. (2013). EDUCATION IN A DIGITAL WORLD: GLOBAL PERSPECTIVES ON TECHNOLOGY AND EDUCATION.<br>ROUTLEDGE.<br>\u25cf SIEMENS, G., &amp; LONG, P. (2011). PENETRATING THE FOG: ANALYTICS IN LEARNING AND EDUCATION. EDUCAUSE REVIEW, 46(5), 30-32<\/p>\n","protected":false},"excerpt":{"rendered":"<p>La educaci\u00f3n ha sido objeto de&nbsp;extensos debates a lo largo de la historia, especialmente en relaci\u00f3n con sus fines y prop\u00f3sitos. En el mundo contempor\u00e1neo, se ha observado un enfoque dominante en el sistema educativo &nbsp;que&nbsp; vincula&nbsp; el proceso de ense\u00f1anza- aprendizaje exclusivamente a intereses laborales y econ\u00f3micos. Este paradigma se ha nutrido de las [&hellip;]<\/p>\n","protected":false},"author":1,"featured_media":244,"comment_status":"closed","ping_status":"closed","sticky":false,"template":"","format":"standard","meta":{"footnotes":""},"categories":[5],"tags":[],"class_list":["post-243","post","type-post","status-publish","format-standard","has-post-thumbnail","hentry","category-educacion"],"_links":{"self":[{"href":"https:\/\/montessoricali.edu.co\/blog\/index.php\/wp-json\/wp\/v2\/posts\/243","targetHints":{"allow":["GET"]}}],"collection":[{"href":"https:\/\/montessoricali.edu.co\/blog\/index.php\/wp-json\/wp\/v2\/posts"}],"about":[{"href":"https:\/\/montessoricali.edu.co\/blog\/index.php\/wp-json\/wp\/v2\/types\/post"}],"author":[{"embeddable":true,"href":"https:\/\/montessoricali.edu.co\/blog\/index.php\/wp-json\/wp\/v2\/users\/1"}],"replies":[{"embeddable":true,"href":"https:\/\/montessoricali.edu.co\/blog\/index.php\/wp-json\/wp\/v2\/comments?post=243"}],"version-history":[{"count":4,"href":"https:\/\/montessoricali.edu.co\/blog\/index.php\/wp-json\/wp\/v2\/posts\/243\/revisions"}],"predecessor-version":[{"id":254,"href":"https:\/\/montessoricali.edu.co\/blog\/index.php\/wp-json\/wp\/v2\/posts\/243\/revisions\/254"}],"wp:featuredmedia":[{"embeddable":true,"href":"https:\/\/montessoricali.edu.co\/blog\/index.php\/wp-json\/wp\/v2\/media\/244"}],"wp:attachment":[{"href":"https:\/\/montessoricali.edu.co\/blog\/index.php\/wp-json\/wp\/v2\/media?parent=243"}],"wp:term":[{"taxonomy":"category","embeddable":true,"href":"https:\/\/montessoricali.edu.co\/blog\/index.php\/wp-json\/wp\/v2\/categories?post=243"},{"taxonomy":"post_tag","embeddable":true,"href":"https:\/\/montessoricali.edu.co\/blog\/index.php\/wp-json\/wp\/v2\/tags?post=243"}],"curies":[{"name":"wp","href":"https:\/\/api.w.org\/{rel}","templated":true}]}}