{"id":49,"date":"2023-07-25T06:03:10","date_gmt":"2023-07-25T11:03:10","guid":{"rendered":"https:\/\/montessoricali.edu.co\/blog\/?p=49"},"modified":"2023-10-13T09:39:14","modified_gmt":"2023-10-13T14:39:14","slug":"cada-vez-que-nace-un-bebe-este-da-a-luz-una-madre","status":"publish","type":"post","link":"https:\/\/montessoricali.edu.co\/blog\/index.php\/2023\/07\/25\/cada-vez-que-nace-un-bebe-este-da-a-luz-una-madre\/","title":{"rendered":"Cada vez que nace un beb\u00e9, \u00e9ste da a luz una madre."},"content":{"rendered":"\n<p><strong>Cuando&nbsp;<em>nace<\/em>&nbsp;un beb\u00e9, <em>nace<\/em>&nbsp;tambi\u00e9n una&nbsp;<em>madre.<\/em><\/strong><\/p>\n\n\n\n<p>Mediante la observaci\u00f3n cient\u00edfica, la Dra. Mar\u00eda Montessori logr\u00f3 determinar cu\u00e1les son las necesidades aut\u00e9nticas de un beb\u00e9 reci\u00e9n nacido al igual que las de su madre.<\/p>\n\n\n<div class=\"wp-block-image\">\n<figure class=\"alignright size-large is-resized\"><img loading=\"lazy\" decoding=\"async\" width=\"1024\" height=\"1024\" src=\"https:\/\/montessoricali.edu.co\/blog\/wp-content\/uploads\/2023\/07\/16-1024x1024.jpg\" alt=\"\" class=\"wp-image-218\" style=\"aspect-ratio:1;width:425px;height:auto\" srcset=\"https:\/\/montessoricali.edu.co\/blog\/wp-content\/uploads\/2023\/07\/16-1024x1024.jpg 1024w, https:\/\/montessoricali.edu.co\/blog\/wp-content\/uploads\/2023\/07\/16-300x300.jpg 300w, https:\/\/montessoricali.edu.co\/blog\/wp-content\/uploads\/2023\/07\/16-150x150.jpg 150w, https:\/\/montessoricali.edu.co\/blog\/wp-content\/uploads\/2023\/07\/16-768x768.jpg 768w, https:\/\/montessoricali.edu.co\/blog\/wp-content\/uploads\/2023\/07\/16-1536x1536.jpg 1536w, https:\/\/montessoricali.edu.co\/blog\/wp-content\/uploads\/2023\/07\/16-2048x2048.jpg 2048w\" sizes=\"auto, (max-width: 1024px) 100vw, 1024px\" \/><\/figure>\n<\/div>\n\n\n<p>La Sra. Lyda Mar\u00eda Franky, directora del proyecto Colegio Biling\u00fce Montessori en la ciudad de Cali y la Srta. Perla Britez, de origen paraguayo, quien posee conocimiento en brindar apoyo f\u00edsico y emocional antes, durante y despu\u00e9s del&nbsp;<a href=\"https:\/\/es.wikipedia.org\/wiki\/Parto\">parto<\/a>; buscan poder compartir informaci\u00f3n para asistir a las familias en su b\u00fasqueda de generar un ambiente favorable para el nacimiento y la crianza temprana.<\/p>\n\n\n\n<p>Se encontraron en M\u00e9xico para certificarse como \u201cAsistentes a la Infancia\u201d a trav\u00e9s de la AMI \u2013 Asociaci\u00f3n Montessori Internacional; quienes capacitan desde la casa matriz en Holanda, fundada por la Dra. Mar\u00eda Montessori en 1929.&nbsp; El IIM \u2013 Instituto Internacional Montessori, ubicado en la ciudad de M\u00e9xico, cuenta con los entrenadores Mar\u00eda Teresa Vidales, Teeany Hurtado y el m\u00e9dico Juan Manuel Mitcher, quienes representan a la AMI en Latinoam\u00e9rica. La Sra. Mar\u00eda Teresa Vidales es una de las fundadoras, que a comienzo de los a\u00f1os 80 fue capacitada por la Pediatra-Psiquiatra Dra. Silvana Quattrochi Montanaro, autora del libro \u201cUn Ser Humano\u201d y pionera en Italia de donde era oriunda la Dra. Mar\u00eda Montessori, con quien trabaj\u00f3 muy de cerca.<\/p>\n\n\n\n<p>Actualmente existen centros de capacitaci\u00f3n en todo el mundo y un fuerte movimiento de familias, quienes han&nbsp; adoptado la simplicidad y la sencillez cuando se escuchan y respetan los procesos sabios de la naturaleza.<\/p>\n\n\n\n<p>En la conversaci\u00f3n sostenida con las educadoras Lyda Franky y Perla Britez, nos sentimos encantados por la oportunidad que ahora tiene Colombia en contar con la informaci\u00f3n que traen. Aprendieron sobre la importancia de la preparaci\u00f3n previa de la madre para la llegada de su criatura. La triada esencial se mueve entre <strong>el ambiente externo<\/strong> que se prepara para la llegada del beb\u00e9, y la relaci\u00f3n simbi\u00f3tica que <strong>madre<\/strong> e <strong>hijo<\/strong> necesitan durante las primeras 6-8 semanas despu\u00e9s del parto.<\/p>\n\n\n\n<p>Es muy importante regresar al punto de partida, recordar los or\u00edgenes y aceptar la existencia de una naturaleza que gobierna y gu\u00eda todo este m\u00e1gico proceso de la maternidad y el nacimiento.<\/p>\n\n\n\n<p>Todo empieza desde el momento de la ovulaci\u00f3n, cuando \u00e9ste se prepara para la fecundaci\u00f3n. Durante los meses de gestaci\u00f3n el proceso se va dando naturalmente en los per\u00edodos cig\u00f3tico, embrionario, fetal y simbi\u00f3tico. La importancia de reconocer la lactancia materna, como la opci\u00f3n principal, donde la naturaleza da lo que ese organismo vivo que acaba de nacer realmente necesita.<\/p>\n\n\n\n<p>Este es el alimento para el bienestar biol\u00f3gico y ps\u00edquico del reci\u00e9n nacido. De manera rec\u00edproca la madre tambi\u00e9n necesita del amamantamiento y la succi\u00f3n, para reorganizar su cuerpo y regresar a su estado normal anterior al embarazo.<\/p>\n\n\n\n<p>Durante este curso, las participantes (Lyda y Perla) aprendieron desde c\u00f3mo organizar un ambiente en casa para la llegada del infante, hasta volver a preparar el ajuar del reci\u00e9n nacido, teniendo en cuenta las texturas de telas como el algod\u00f3n y la seda, el respeto y cuidado por la piel del reci\u00e9n nacido a trav\u00e9s de la chestina, el topponcino, las camisillas de algod\u00f3n y seda; aprendieron a recrear la vida de las abuelas para resaltar, en ese pasado, la bienvenida futura del nuevo ser. En el amor y actitud del adulto durante la preparaci\u00f3n del ambiente externo se ver\u00e1 reflejada la creaci\u00f3n de su ambiente interno que impactar\u00e1 la psiquis del infante.<\/p>\n\n\n\n<p>De igual manera, aprendieron a fabricar m\u00f3viles que no son comerciales ni se utilizan para decorar las cunas, sino para utilizarlos cuando el beb\u00e9 est\u00e9 tranquilo, limpio, alimentado y despierto. Estos m\u00f3viles y algunos materiales confeccionados en madera para el desarrollo psicosensomotor del infante, se utilizan de manera cient\u00edfica para estimular en el ambiente en casa el desarrollo visual, motor y auditivo del infante durante estos meses de enorme crecimiento, durante el primer a\u00f1o de vida ocurren los procesos cerebrales de mielinizaci\u00f3n.<\/p>\n\n\n\n<p>Realizaron, adem\u00e1s, estudios de medicina b\u00e1sica en las \u00e1reas de anatom\u00eda, fisiolog\u00eda, obstetricia y ginecolog\u00eda, que dieron la apertura al entendimiento del conocimiento necesario que toda joven pareja e individuo deben tener previamente antes de pensar en la concepci\u00f3n.&nbsp;<\/p>\n\n\n\n<p>Todos estos estudios cient\u00edficos que llegan ahora a Colombia servir\u00e1n de apoyo a los pediatras, quienes todav\u00eda creen en la sabidur\u00eda de la naturaleza, para que sin\u00e9rgicamente apoyen a las familias a las que acompa\u00f1an. Los primeros beneficiados ser\u00e1n nuestros beb\u00e9s y por ende la sociedad. De esta manera sus procesos de mielinizaci\u00f3n ser\u00e1n optimizados, sus reflejos se convertir\u00e1n en actos voluntarios hasta que logren en su proceso evolutivo pasar del arrastre al gateo, y de la posici\u00f3n sentada a la erguida para finalmente caminar, sus manitas como extensi\u00f3n de la inteligencia, estar\u00e1n listas para que caminando salga con alegr\u00eda, salud f\u00edsica y ps\u00edquica, a explorar un agradable mundo que lo espera lleno de magia y sorpresas.<\/p>\n\n\n\n<p>Finalizamos con la cita de la Dra. Montanaro, que dice:<\/p>\n\n\n\n<blockquote class=\"wp-block-quote is-layout-flow wp-block-quote-is-layout-flow\">\n<p>A\u00fan cuando haya que brindar cuidados m\u00e9dicos especiales, \u00e9stos pueden ser proporcionados sin ignorar la necesidad de que la madre y el ni\u00f1o sigan estando juntos. Si logramos ayudar a establecer un buen v\u00ednculo al principio, entonces todo en la vida de estas dos personas ser\u00e1 diferente; suceda lo que suceda, para ella ser\u00e1 \u2018natural\u2019 tener una relaci\u00f3n de amor, cuidado y protecci\u00f3n<\/p>\n<\/blockquote>\n\n\n\n<p><strong>Dra. Silvana Quattrocchi Montanaro. \u201cUn Ser Humano\u201d. La importancia de los primeros tres a\u00f1os de vida.<\/strong><\/p>\n","protected":false},"excerpt":{"rendered":"<p>Cuando&nbsp;nace&nbsp;un beb\u00e9, nace&nbsp;tambi\u00e9n una&nbsp;madre. Mediante la observaci\u00f3n cient\u00edfica, la Dra. Mar\u00eda Montessori logr\u00f3 determinar cu\u00e1les son las necesidades aut\u00e9nticas de un beb\u00e9 reci\u00e9n nacido al igual que las de su madre. La Sra. Lyda Mar\u00eda Franky, directora del proyecto Colegio Biling\u00fce Montessori en la ciudad de Cali y la Srta. Perla Britez, de origen paraguayo, [&hellip;]<\/p>\n","protected":false},"author":3,"featured_media":218,"comment_status":"closed","ping_status":"closed","sticky":false,"template":"","format":"standard","meta":{"footnotes":""},"categories":[5],"tags":[],"class_list":["post-49","post","type-post","status-publish","format-standard","has-post-thumbnail","hentry","category-educacion"],"_links":{"self":[{"href":"https:\/\/montessoricali.edu.co\/blog\/index.php\/wp-json\/wp\/v2\/posts\/49","targetHints":{"allow":["GET"]}}],"collection":[{"href":"https:\/\/montessoricali.edu.co\/blog\/index.php\/wp-json\/wp\/v2\/posts"}],"about":[{"href":"https:\/\/montessoricali.edu.co\/blog\/index.php\/wp-json\/wp\/v2\/types\/post"}],"author":[{"embeddable":true,"href":"https:\/\/montessoricali.edu.co\/blog\/index.php\/wp-json\/wp\/v2\/users\/3"}],"replies":[{"embeddable":true,"href":"https:\/\/montessoricali.edu.co\/blog\/index.php\/wp-json\/wp\/v2\/comments?post=49"}],"version-history":[{"count":3,"href":"https:\/\/montessoricali.edu.co\/blog\/index.php\/wp-json\/wp\/v2\/posts\/49\/revisions"}],"predecessor-version":[{"id":273,"href":"https:\/\/montessoricali.edu.co\/blog\/index.php\/wp-json\/wp\/v2\/posts\/49\/revisions\/273"}],"wp:featuredmedia":[{"embeddable":true,"href":"https:\/\/montessoricali.edu.co\/blog\/index.php\/wp-json\/wp\/v2\/media\/218"}],"wp:attachment":[{"href":"https:\/\/montessoricali.edu.co\/blog\/index.php\/wp-json\/wp\/v2\/media?parent=49"}],"wp:term":[{"taxonomy":"category","embeddable":true,"href":"https:\/\/montessoricali.edu.co\/blog\/index.php\/wp-json\/wp\/v2\/categories?post=49"},{"taxonomy":"post_tag","embeddable":true,"href":"https:\/\/montessoricali.edu.co\/blog\/index.php\/wp-json\/wp\/v2\/tags?post=49"}],"curies":[{"name":"wp","href":"https:\/\/api.w.org\/{rel}","templated":true}]}}