{"id":56,"date":"2023-07-30T06:16:34","date_gmt":"2023-07-30T11:16:34","guid":{"rendered":"https:\/\/montessoricali.edu.co\/blog\/?p=56"},"modified":"2023-10-13T09:38:00","modified_gmt":"2023-10-13T14:38:00","slug":"dia-del-idioma","status":"publish","type":"post","link":"https:\/\/montessoricali.edu.co\/blog\/index.php\/2023\/07\/30\/dia-del-idioma\/","title":{"rendered":"D\u00eda del idioma"},"content":{"rendered":"\n<p><em>Estamos celebrando el D\u00eda del Idioma. Con nuestras ra\u00edces latinas, podr\u00edamos decir que nuestra Lengua Madre, el Espa\u00f1ol, es considerada una de las m\u00e1s agradables y dulces en entonaci\u00f3n y comprensi\u00f3n.<\/em><\/p>\n\n\n<div class=\"wp-block-image\">\n<figure class=\"alignright size-large is-resized\"><img loading=\"lazy\" decoding=\"async\" width=\"1024\" height=\"1024\" src=\"https:\/\/montessoricali.edu.co\/blog\/wp-content\/uploads\/2023\/07\/15-1024x1024.jpg\" alt=\"\" class=\"wp-image-217\" style=\"aspect-ratio:1;width:403px;height:auto\" srcset=\"https:\/\/montessoricali.edu.co\/blog\/wp-content\/uploads\/2023\/07\/15-1024x1024.jpg 1024w, https:\/\/montessoricali.edu.co\/blog\/wp-content\/uploads\/2023\/07\/15-300x300.jpg 300w, https:\/\/montessoricali.edu.co\/blog\/wp-content\/uploads\/2023\/07\/15-150x150.jpg 150w, https:\/\/montessoricali.edu.co\/blog\/wp-content\/uploads\/2023\/07\/15-768x768.jpg 768w, https:\/\/montessoricali.edu.co\/blog\/wp-content\/uploads\/2023\/07\/15-1536x1536.jpg 1536w, https:\/\/montessoricali.edu.co\/blog\/wp-content\/uploads\/2023\/07\/15-2048x2048.jpg 2048w\" sizes=\"auto, (max-width: 1024px) 100vw, 1024px\" \/><\/figure>\n<\/div>\n\n\n<p><em>Adem\u00e1s, con nuestra creatividad latina e hispana, hemos tenido con orgullo escritores que hacen honor a nuestro idioma Espa\u00f1ol como Miguel de Cervantes Saavedra, con su obra El Quijote de la Mancha; Garcilaso de la Vega; Pablo Neruda con su bella obra po\u00e9tica; Julio Fl\u00f3rez, Gabriela Mistral, Julio Cort\u00e1zar, Mario Benedetti, etc. Espec\u00edficamente en nuestro pa\u00eds tenemos a un escritor Premio Nobel, el maestro Gabriel Garc\u00eda M\u00e1rquez. Los &nbsp;colombianos pueden decir con orgullo que tenemos a un Nobel en nuestro bello pa\u00eds, pero, adem\u00e1s, nosotros en nuestro Colegio debemos sentirnos inmensamente orgullosos, porque cuando el Maestro Garc\u00eda M\u00e1rquez era un ni\u00f1o, fue educado bajo el sistema Montessori \u2013 en el que hoy nuestros ni\u00f1os est\u00e1n siendo educados \u2013 y con sus mismas palabras dijo: \u201cTuve la suerte de que en Aracataca hab\u00edan abierto por esos a\u00f1os la escuela Montessoriana, cuyas maestras estimulaban los cinco sentidos mediante ejercicios pr\u00e1cticos. Era como jugar a estar vivos. Aprend\u00ed a apreciar el olfato, cuyo poder de evocaciones nost\u00e1lgicas es arrasador. El paladar, que afin\u00e9 hasta el punto de que en mis libros he descrito bebidas que saben a ventana, panes que saben a ba\u00fal, infusiones que saben a misa. En teor\u00eda es dif\u00edcil entenderlo, pero quienes lo hayan experimentado lo comprenden de inmediato. No creo que haya m\u00e9todo mejor que el Montessoriano para sensibilizar a los ni\u00f1os en las bellezas del mundo, y para despertarles la curiosidad por los secretos de la vida. Se le ha reprochado que fomenta el sentido de independencia y el individualismo de los ni\u00f1os, y tal vez en mi caso fue as\u00ed. Pero no lo lamento. Aunque parezca raro, lo \u00fanico que no me hizo feliz en aquella escuela inolvidable, fue aprender a leer y escribir\u2026\u201d<\/em><em>El idioma Espa\u00f1ol, o nuestra Lengua Madre, se aprende de la siguiente manera: los peque\u00f1ines, inmersos en una cultura latina, aprenden durante los 2 \u00f3 3 primeros a\u00f1os de vida a hablar sin ning\u00fan tipo de instrucci\u00f3n gramatical, y a medida que crecen, vamos enriqueciendo nuestro vocabulario a trav\u00e9s de nuestra comprensi\u00f3n auditiva y nuestra expresi\u00f3n verbal. Finalmente, cuando aprenden a decodificar los s\u00edmbolos llamados Letras, aprenden a leer y escribir copias, o&nbsp; ponen en pr\u00e1ctica la producci\u00f3n escrita de sus pensamientos.<\/em><\/p>\n\n\n\n<p><em>Pero el lenguaje no solo involucra la comprensi\u00f3n auditiva, la comprensi\u00f3n lectora, producci\u00f3n oral y escrita. Involucra tambi\u00e9n la <strong>comunicaci\u00f3n, <\/strong>elemento esencial para la convivencia sana y la vida arm\u00f3nica. La comunicaci\u00f3n es el arte de acercarnos al otro y de transferir pensamientos o ideas, un deseo o una inconformidad. El arte radica en el <strong>c\u00f3mo<\/strong> entregamos los mensajes que emitimos y si somos asertivos en lo que realmente deseamos comunicar. Ser asertivo es que el resultado final de los mensajes que emitimos sea positivo y beneficioso para ambas partes. Muchas veces, por una comunicaci\u00f3n inadecuada, los adultos nos desgastamos o nos vemos involucrados en habladur\u00edas que no tienen sentido y nos pueden traer finales desastrosos.<\/em><\/p>\n\n\n\n<p><em>Hace algunos a\u00f1os, nos dec\u00edan que los libros ser\u00edan virtuales, y que ya no se leer\u00edan libros si no fuese su versi\u00f3n digital en computador. Y es as\u00ed, hoy en d\u00eda puedes \u201cdescargar\u201d un libro entero de Internet a tu computador. Lo que no fue asertivo es que los libros desaparecer\u00edan, pues jam\u00e1s podr\u00e1n desaparecer. Un libro es, en pasta y hojas, la invitaci\u00f3n a sumergirnos y a nadar dentro del mundo de un escritor que se quiere comunicar en fantas\u00edas, imaginaci\u00f3n, historia o diversi\u00f3n, inclusive de sacarnos un poco de adrenalina en esos cuentos de terror que tanto nos encantan.<\/em><\/p>\n\n\n\n<p><em>Sin embargo, el lector tambi\u00e9n tiene sus derechos: derecho a que no le guste el libro, derecho a anticipar el final, derecho a emitir sus opiniones personales, o a decidir qu\u00e9 hubiese sido mejor otro final. La lectura nos da vida, la lectura enriquece nuestro vocabulario y mejora nuestra ortograf\u00eda de forma natural, para lograr expresar as\u00ed nuestras percepciones personales y nuestros propios pensamientos. La lectura nos recrea y nos hace olvidar las preocupaciones por un rato.<\/em><\/p>\n\n\n\n<p><em>Sint\u00e1monos entonces hoy, orgullosos de nuestra Lengua Madre, e invirtamos el tiempo libre en diversiones sanas con los libros. Compartamos con nuestras familias lo que descubrimos en las letras.<\/em><\/p>\n","protected":false},"excerpt":{"rendered":"<p>Estamos celebrando el D\u00eda del Idioma. Con nuestras ra\u00edces latinas, podr\u00edamos decir que nuestra Lengua Madre, el Espa\u00f1ol, es considerada una de las m\u00e1s agradables y dulces en entonaci\u00f3n y comprensi\u00f3n. Adem\u00e1s, con nuestra creatividad latina e hispana, hemos tenido con orgullo escritores que hacen honor a nuestro idioma Espa\u00f1ol como Miguel de Cervantes Saavedra, [&hellip;]<\/p>\n","protected":false},"author":2,"featured_media":217,"comment_status":"closed","ping_status":"closed","sticky":false,"template":"","format":"standard","meta":{"footnotes":""},"categories":[5],"tags":[],"class_list":["post-56","post","type-post","status-publish","format-standard","has-post-thumbnail","hentry","category-educacion"],"_links":{"self":[{"href":"https:\/\/montessoricali.edu.co\/blog\/index.php\/wp-json\/wp\/v2\/posts\/56","targetHints":{"allow":["GET"]}}],"collection":[{"href":"https:\/\/montessoricali.edu.co\/blog\/index.php\/wp-json\/wp\/v2\/posts"}],"about":[{"href":"https:\/\/montessoricali.edu.co\/blog\/index.php\/wp-json\/wp\/v2\/types\/post"}],"author":[{"embeddable":true,"href":"https:\/\/montessoricali.edu.co\/blog\/index.php\/wp-json\/wp\/v2\/users\/2"}],"replies":[{"embeddable":true,"href":"https:\/\/montessoricali.edu.co\/blog\/index.php\/wp-json\/wp\/v2\/comments?post=56"}],"version-history":[{"count":2,"href":"https:\/\/montessoricali.edu.co\/blog\/index.php\/wp-json\/wp\/v2\/posts\/56\/revisions"}],"predecessor-version":[{"id":271,"href":"https:\/\/montessoricali.edu.co\/blog\/index.php\/wp-json\/wp\/v2\/posts\/56\/revisions\/271"}],"wp:featuredmedia":[{"embeddable":true,"href":"https:\/\/montessoricali.edu.co\/blog\/index.php\/wp-json\/wp\/v2\/media\/217"}],"wp:attachment":[{"href":"https:\/\/montessoricali.edu.co\/blog\/index.php\/wp-json\/wp\/v2\/media?parent=56"}],"wp:term":[{"taxonomy":"category","embeddable":true,"href":"https:\/\/montessoricali.edu.co\/blog\/index.php\/wp-json\/wp\/v2\/categories?post=56"},{"taxonomy":"post_tag","embeddable":true,"href":"https:\/\/montessoricali.edu.co\/blog\/index.php\/wp-json\/wp\/v2\/tags?post=56"}],"curies":[{"name":"wp","href":"https:\/\/api.w.org\/{rel}","templated":true}]}}