{"id":76,"date":"2023-08-25T07:02:11","date_gmt":"2023-08-25T12:02:11","guid":{"rendered":"https:\/\/montessoricali.edu.co\/blog\/?p=76"},"modified":"2023-10-13T09:31:52","modified_gmt":"2023-10-13T14:31:52","slug":"la-divinidad-en-la-educacion","status":"publish","type":"post","link":"https:\/\/montessoricali.edu.co\/blog\/index.php\/2023\/08\/25\/la-divinidad-en-la-educacion\/","title":{"rendered":"La Divinidad en la Educaci\u00f3n"},"content":{"rendered":"\n<p>\u201cUn d\u00eda se reunieron los hombres y mujeres con los sabios de su pueblo y les preguntaron: \u00bfQui\u00e9n es Dios? \u00bfC\u00f3mo pudo \u00c9l haber creado este universo y nuestro planeta? \u00bfNosotros nos parecemos a \u00c9l? \u00bfTiene \u00c9l manos para crear los universos?&#8230;\u201d<em> As\u00ed empieza para los chicos despu\u00e9s de los 6 a\u00f1os, la historia de la creaci\u00f3n.<\/em><\/p>\n\n\n\n<p><em>Dios hace parte impl\u00edcita de nuestra pedagog\u00eda Montessori, ya que la Dra. Mar\u00eda Montessori bebi\u00f3 de las fuentes de aquellos pensadores que unieron lo cient\u00edfico con lo divino.<\/em><\/p>\n\n\n\n<p><em>Es por ello que un gu\u00eda Montessori debe buscar incansablemente el conocimiento mientras se maravilla por los descubrimientos del hombre y de la ciencia, estos simbolizan estados de <strong>Asombro<\/strong> frente a esa <strong>Energ\u00eda Superior Inteligente, Creativa y Eterna <\/strong>que para los creyentes se traduce en <strong>Dios, el Creador de los cielos y la tierra, de los universos y de todo cuanto existe.<\/strong><\/em><\/p>\n\n\n<div class=\"wp-block-image\">\n<figure class=\"alignright size-large is-resized\"><img loading=\"lazy\" decoding=\"async\" width=\"1024\" height=\"1024\" src=\"https:\/\/montessoricali.edu.co\/blog\/wp-content\/uploads\/2023\/08\/9-1024x1024.jpg\" alt=\"\" class=\"wp-image-208\" style=\"aspect-ratio:1;width:418px;height:auto\" srcset=\"https:\/\/montessoricali.edu.co\/blog\/wp-content\/uploads\/2023\/08\/9-1024x1024.jpg 1024w, https:\/\/montessoricali.edu.co\/blog\/wp-content\/uploads\/2023\/08\/9-300x300.jpg 300w, https:\/\/montessoricali.edu.co\/blog\/wp-content\/uploads\/2023\/08\/9-150x150.jpg 150w, https:\/\/montessoricali.edu.co\/blog\/wp-content\/uploads\/2023\/08\/9-768x768.jpg 768w, https:\/\/montessoricali.edu.co\/blog\/wp-content\/uploads\/2023\/08\/9-1536x1536.jpg 1536w, https:\/\/montessoricali.edu.co\/blog\/wp-content\/uploads\/2023\/08\/9-2048x2048.jpg 2048w\" sizes=\"auto, (max-width: 1024px) 100vw, 1024px\" \/><\/figure>\n<\/div>\n\n\n<p><em>Pasemos entonces a relacionar la palabra existencia con la columna vertebral de nuestra educaci\u00f3n: La <strong>Educaci\u00f3n C\u00f3smica<\/strong>. La palabra Cosmos significa <strong>Vida,<\/strong> es decir, que todo aquello que est\u00e9 relacionado con la vida, es bienvenido dentro de nuestra pedagog\u00eda, pues se convierte en una situaci\u00f3n digna de ser ubicada dentro de los procesos de aprendizaje de los estudiantes aprendices.<\/em><\/p>\n\n\n\n<p><em>Existimos porque se nos dio la oportunidad de vivir, es decir, nos convertimos en el primer elemento de asombro frente a nosotros mismos, quienes llevamos la primera manifestaci\u00f3n en las maravillas del funcionamiento de nuestro propio cuerpo. Procesos como la digesti\u00f3n, la respiraci\u00f3n, los latidos card\u00edacos, la manera como nos regula el cerebro advirti\u00e9ndonos lo que es beneficioso o perjudicial para nuestro organismo.&nbsp; Las manifestaciones externas del cuerpo representadas en el agarre del beb\u00e9, las caricias de una madre, succionar del seno materno, el arrastre, el gateo, hasta erguirse, caminar y correr, forman parte de esta maravilla de la creaci\u00f3n. Y luego poder palpar lo impalpable, como es la autorregulaci\u00f3n de nuestras emociones y sentimientos, y la construcci\u00f3n de nuestra conciencia que solo aprende auto observando las reacciones de nuestra personalidad, creada por ambientes negativos o adecuados especialmente durante los siete primeros a\u00f1os de vida.<\/em><\/p>\n\n\n\n<p><em>A ese maravilloso cuerpo, que representa un templo sagrado al cual hay que respetar, cuidar, y proteger, se le instala el <strong>Esp\u00edritu: <\/strong>origen divino intocable porque un esp\u00edritu se <strong>Es.<\/strong><\/em><\/p>\n\n\n\n<p><em>El<strong> Alma<\/strong> viene a aprender sus lecciones de vida y est\u00e1 siempre acompa\u00f1ada por&nbsp; el esp\u00edritu, el cual act\u00faa como su complemento, porque <strong>un alma se VIVE, y un esp\u00edritu se Es. El alma<\/strong> nos lleva, a trav\u00e9s de las equivocaciones y los aciertos, a construir <strong>la conciencia <\/strong>cada vez que aprendemos una nueva lecci\u00f3n.<\/em><\/p>\n\n\n\n<p><em>La educaci\u00f3n es el trabajo m\u00e1s noble de todas las profesiones porque se nos entrega lo m\u00e1s delicado y vital que es el acompa\u00f1amiento de la autoconstrucci\u00f3n del ser en todas sus dimensiones. He all\u00ed la grandeza de nuestro trabajo: <strong>guiar a ese esp\u00edritu<\/strong> encarnado en el cuerpo, para desarrollarse y sacar de su interior el mejor de los seres, es decir, desarrollar a plenitud su plan interno y mantenerse permanentemente conectado con su luz.<\/em><\/p>\n\n\n\n<p><em>En todos los libros sagrados se habla de la historia de la creaci\u00f3n, mientras que el hombre ha construido grandes abismos entre esta informaci\u00f3n y la teor\u00eda evolucionista, pero \u00bfC\u00f3mo poder entonces correlacionar ambas? \u00bfQui\u00e9n asegura que el tiempo y los d\u00edas para la divinidad son los nuestros? \u00bfNo pudiesen, metaf\u00f3ricamente, en un d\u00eda de Dios,&nbsp; evolucionar todos los animales mientras nosotros los ver\u00edamos evolucionar durante muchos d\u00edas de los nuestros?<\/em><\/p>\n\n\n\n<p><em>Durante esas \u00e9pocas, los grandes enemigos de la tierra fueron los glaciares y las congelaciones. En nuestros d\u00edas, \u00bfcu\u00e1les son nuestros grandes enemigos? Nuestros enemigos son: el ego\u00edsmo, la ambici\u00f3n y la avaricia. Ellos tres vienen disfrazados a trav\u00e9s del ego que nos lleva de forma inconsciente o desenfrenada a adorar al dinero, al poder, al cuerpo, al goce permanente y a la superficialidad hasta llegar a la gula y a los desbordantes extremos. Es cuando, a pesar de las m\u00faltiples actividades en nuestro diario vivir, nos sentimos vac\u00edos y congelados, tal como quedaba la tierra despu\u00e9s de las visitas de las glaciaciones.<\/em><\/p>\n\n\n\n<p><em>El agua fue una trabajadora incansable para que as\u00ed la tierra lograr\u00e1&nbsp; sus m\u00e1s nobles prop\u00f3sitos. Y nuestros antepasados trabajaron incansablemente para que hoy, disfrutemos del progreso. En el agua apareci\u00f3 la vida y de all\u00ed surgieron los primeros seres unicelulares y pluricelulares. Apareci\u00f3 el primer cerebro primitivo: el de los peces. Las valientes algas primitivas se asomaron a ver qu\u00e9 hab\u00eda en la tierra y descubrieron que ya estaba lista para recibir la vida, trayendo consigo el ox\u00edgeno y preparando el ambiente para la llegada de otros anfibios, reptiles, aves, mam\u00edferos y el hombre.<\/em><em>Cuando nuestros padres se unen para iniciar la maravilla de la concepci\u00f3n, aparece la vida y se desarrolla en el agua. Ese nene que en un comienzo es embri\u00f3n en desarrollo, se convierte en humano cuando en el momento de nacer, nace un nuevo ser que es el <strong>Embri\u00f3n Espiritual, <\/strong>es decir el ni\u00f1o,se convierte en el<strong> padre del Hombre, el cual llegar\u00e1 a ser.<\/strong><\/em><\/p>\n\n\n\n<p><em>Ese beb\u00e9 despu\u00e9s de crecer en el agua sale del vientre de su madre e inicia su experiencia terrenal, se arrastra, luego repta y gatea, se sienta y finalmente adquiere la posici\u00f3n erguida para caminar e iniciar el sendero de su vida como ser creado por Dios.<\/em><\/p>\n\n\n\n<p><em>Durante ese recorrido, se puede comportar como un cerebro primitivo de pez, o como un agresivo reptil, o como un ave que cuida a sus cr\u00edas, o como un conejo salvaje de esos tiempos, o como una loba que cuida, protege, y defiende a sus lobeznos, o como un hombre que trabaja desde la comprensi\u00f3n. Y todos estos estados de evoluci\u00f3n del ser humano son los que nos alejan o nos acercan cada vez m\u00e1s a Dios.<\/em><\/p>\n\n\n\n<p><em>Es por ello que las herramientas de la auto observaci\u00f3n y el auto conocimiento son tan importantes en la vida de un gu\u00eda Montessori, ya que, a trav\u00e9s de \u00e9stas, encontramos respuestas a nuestras dudas, corregimos nuestro car\u00e1cter, reeducamos nuestra personalidad, conversamos con el alma, y evolucionamos en la <strong>conciencia<\/strong>.<\/em><\/p>\n\n\n\n<p><em>Todo este maravilloso <strong>plan <\/strong>de la creaci\u00f3n debe traernos el desarrollo del Asombro por Dios como mensaje, para entender as\u00ed, nuestro plan C\u00f3smico, y nuestra funci\u00f3n aqu\u00ed en la tierra.<\/em><\/p>\n\n\n\n<p><em>Retomemos entonces los siete conceptos principales:<\/em><\/p>\n\n\n\n<ol class=\"wp-block-list\">\n<li><em>Dios, el Todo y la Nada.<\/em><\/li>\n\n\n\n<li><em>El Esp\u00edritu y el Alma.<\/em><\/li>\n\n\n\n<li><em>El universo y el <\/em><em>cosmos, las galaxias y la v\u00eda l\u00e1ctea.<\/em><\/li>\n\n\n\n<li><em>La tierra, la vida y la existencia.<\/em><\/li>\n\n\n\n<li><em>El hombre, la religi\u00f3n y la espiritualidad.<\/em><\/li>\n\n\n\n<li><em>El conocimiento y la espiritualidad.<\/em><\/li>\n\n\n\n<li><em>Lo cient\u00edfico y lo Divino.<\/em><\/li>\n<\/ol>\n\n\n\n<p><em>Contradictoriamente, la palabra Religi\u00f3n viene de la ra\u00edz latina RELIGARE, es decir, la uni\u00f3n entre el hombre y Dios, o sea, el camino que cada individuo elige para recordar a su Creador en rituales y en oraci\u00f3n.<\/em><\/p>\n\n\n\n<p><em>El camino religioso es la parte externa que tambi\u00e9n necesita ese esp\u00edritu para cultivarse y mantenerse en contacto permanente con su Creador. Es una manera de recordarnos aqu\u00ed, en la tierra, qui\u00e9nes somos en realidad y para qu\u00e9 fue que llegamos.<\/em><\/p>\n\n\n\n<p><em>Dios no est\u00e1 en todas partes ni necesita recordarnos de su existencia, <\/em><em>\u00c9l sencillamente Es. Los Universos, las Galaxias, La V\u00eda L\u00e1ctea, La Tierra y El Sol, son <strong>manifestaciones<\/strong> de su creaci\u00f3n para que desarrollemos as\u00ed el m\u00e1s noble de los asombros, y en \u00faltimas, comprendamos que llegamos para adorarlo, y cuando se adora se complace, y la manera de complacer a Dios es con la misma <strong>vida<\/strong>, representada en mis actitudes, mi forma de trabajar, de respetar al otro en su singularidad, de amar a la familia y a mis semejantes, de poner al servicio de otros mis habilidades y aptitudes, en la alegr\u00eda con que vivimos cada acto de nuestras vidas, o a la paciencia con que enfrentamos situaciones por resolver.<\/em><\/p>\n\n\n\n<p><em>\u00bfY por qu\u00e9 tendremos que buscar permanentemente el conocimiento? Porque en la medida en que lo encontremos estaremos m\u00e1s cerca de Dios. El conocimiento y la fe se encuentran en el gozo permanente, ya que se trata de descifrar el verdadero prop\u00f3sito de su plan c\u00f3smico aqu\u00ed en la tierra, cuyo rompecabezas est\u00e1 en la naturaleza, en su comportamiento, y en la capacidad que nos dieron para observar, encarnar, y reproducir nuevamente.<\/em><\/p>\n\n\n\n<p><em>Es decir, que lo cient\u00edfico y lo divino se dan la mano porque precisamente lo cient\u00edfico es la representaci\u00f3n de lo divino,&nbsp; Dios nos dio la inteligencia para inventar y maravillarnos en la ciencia, y <\/em><em>\u00bfqui\u00e9n inventa no es acaso creaci\u00f3n del Creador?<\/em><\/p>\n\n\n\n<p><em>Es por ello que en el camino espiritual se necesita del Todo y de la Nada, en un comienzo todo era oscuridad\u2026 y Dios dijo: <\/em><em>\u201cH\u00e1gase la luz\u201d. Es por ello que el verbo nos recuerda que lo que decretamos para nuestras vidas se volver\u00e1 realidad, ya sea un decreto positivo o negativo de nuestra salud, relaciones, prosperidad econ\u00f3mica, o ubicaci\u00f3n laboral y de vivienda.<\/em><\/p>\n\n\n\n<p><em>Esa oscuridad y fr\u00edo representan la <\/em><em>Nada, mientras que la luz y el calor representan su complemento para convertirse en el Todo y a trav\u00e9s de una danza c\u00f3smica se produce esa gran explosi\u00f3n para que toda esta historia empezara.<\/em><\/p>\n\n\n\n<p><em>Dios es el <strong>Todo<\/strong> y Dios es la <strong>Nada<\/strong>, porque a veces necesitamos estar llenos pero otras vac\u00edos, la contrariedad y la ley de los opuestos es necesaria porque para sentirnos alegres debimos sentirnos tristes, y para apreciar la luz debemos sentir oscuridad, y el llenarnos de conocimientos exige espacios para el silencio y la soledad para digerir toda la informaci\u00f3n y aprender a conocernos a nosotros mismos. Dios es felicidad en la alegr\u00eda, y silencio en la paciencia, amor en los hijos, y misericordia en el pr\u00f3jimo<\/em><em>; Dios nos habla en la necesidad y Dios da al pr\u00f3spero lo que le corresponde, y contradictoriamente usamos nuestro libre albedr\u00edo para la autodestrucci\u00f3n. He all\u00ed la importancia de tener claro estos conceptos y de verificarlos con nuestras creencias, porque la preparaci\u00f3n espiritual de un <strong>Gu\u00eda Montessori <\/strong>es un ejercicio imperativo dentro de una preparaci\u00f3n que nos obliga a ser cada vez mejores, para educar las generaciones actuales y venideras, en un estilo que nos traiga una Calidad de Vida cuyo com\u00fan denominador sea la <strong>Paz<\/strong>.<\/em><\/p>\n","protected":false},"excerpt":{"rendered":"<p>\u201cUn d\u00eda se reunieron los hombres y mujeres con los sabios de su pueblo y les preguntaron: \u00bfQui\u00e9n es Dios? \u00bfC\u00f3mo pudo \u00c9l haber creado este universo y nuestro planeta? \u00bfNosotros nos parecemos a \u00c9l? \u00bfTiene \u00c9l manos para crear los universos?&#8230;\u201d As\u00ed empieza para los chicos despu\u00e9s de los 6 a\u00f1os, la historia de [&hellip;]<\/p>\n","protected":false},"author":2,"featured_media":208,"comment_status":"closed","ping_status":"closed","sticky":false,"template":"","format":"standard","meta":{"footnotes":""},"categories":[5],"tags":[],"class_list":["post-76","post","type-post","status-publish","format-standard","has-post-thumbnail","hentry","category-educacion"],"_links":{"self":[{"href":"https:\/\/montessoricali.edu.co\/blog\/index.php\/wp-json\/wp\/v2\/posts\/76","targetHints":{"allow":["GET"]}}],"collection":[{"href":"https:\/\/montessoricali.edu.co\/blog\/index.php\/wp-json\/wp\/v2\/posts"}],"about":[{"href":"https:\/\/montessoricali.edu.co\/blog\/index.php\/wp-json\/wp\/v2\/types\/post"}],"author":[{"embeddable":true,"href":"https:\/\/montessoricali.edu.co\/blog\/index.php\/wp-json\/wp\/v2\/users\/2"}],"replies":[{"embeddable":true,"href":"https:\/\/montessoricali.edu.co\/blog\/index.php\/wp-json\/wp\/v2\/comments?post=76"}],"version-history":[{"count":2,"href":"https:\/\/montessoricali.edu.co\/blog\/index.php\/wp-json\/wp\/v2\/posts\/76\/revisions"}],"predecessor-version":[{"id":262,"href":"https:\/\/montessoricali.edu.co\/blog\/index.php\/wp-json\/wp\/v2\/posts\/76\/revisions\/262"}],"wp:featuredmedia":[{"embeddable":true,"href":"https:\/\/montessoricali.edu.co\/blog\/index.php\/wp-json\/wp\/v2\/media\/208"}],"wp:attachment":[{"href":"https:\/\/montessoricali.edu.co\/blog\/index.php\/wp-json\/wp\/v2\/media?parent=76"}],"wp:term":[{"taxonomy":"category","embeddable":true,"href":"https:\/\/montessoricali.edu.co\/blog\/index.php\/wp-json\/wp\/v2\/categories?post=76"},{"taxonomy":"post_tag","embeddable":true,"href":"https:\/\/montessoricali.edu.co\/blog\/index.php\/wp-json\/wp\/v2\/tags?post=76"}],"curies":[{"name":"wp","href":"https:\/\/api.w.org\/{rel}","templated":true}]}}