{"id":82,"date":"2023-09-05T07:09:04","date_gmt":"2023-09-05T12:09:04","guid":{"rendered":"https:\/\/montessoricali.edu.co\/blog\/?p=82"},"modified":"2023-10-13T09:29:53","modified_gmt":"2023-10-13T14:29:53","slug":"la-relacion-del-infante-con-su-madre","status":"publish","type":"post","link":"https:\/\/montessoricali.edu.co\/blog\/index.php\/2023\/09\/05\/la-relacion-del-infante-con-su-madre\/","title":{"rendered":"La Relaci\u00f3n del Infante con su Madre"},"content":{"rendered":"\n<p><strong><em>\u201c\u00bfQu\u00e9 es una Mam\u00e1?<\/em><\/strong> <strong><em>&#8230; Es cuando despu\u00e9s de 9 meses de gestaci\u00f3n un beb\u00e9 da a luz una madre&#8230;\u201d<\/em><\/strong> Jairo Anibal Ni\u00f1o<\/p>\n\n\n<div class=\"wp-block-image\">\n<figure class=\"alignleft size-large is-resized\"><img loading=\"lazy\" decoding=\"async\" width=\"1024\" height=\"1024\" src=\"https:\/\/montessoricali.edu.co\/blog\/wp-content\/uploads\/2023\/09\/7-1024x1024.jpg\" alt=\"\" class=\"wp-image-206\" style=\"aspect-ratio:1;width:430px;height:auto\" srcset=\"https:\/\/montessoricali.edu.co\/blog\/wp-content\/uploads\/2023\/09\/7-1024x1024.jpg 1024w, https:\/\/montessoricali.edu.co\/blog\/wp-content\/uploads\/2023\/09\/7-300x300.jpg 300w, https:\/\/montessoricali.edu.co\/blog\/wp-content\/uploads\/2023\/09\/7-150x150.jpg 150w, https:\/\/montessoricali.edu.co\/blog\/wp-content\/uploads\/2023\/09\/7-768x768.jpg 768w, https:\/\/montessoricali.edu.co\/blog\/wp-content\/uploads\/2023\/09\/7-1536x1536.jpg 1536w, https:\/\/montessoricali.edu.co\/blog\/wp-content\/uploads\/2023\/09\/7-2048x2048.jpg 2048w\" sizes=\"auto, (max-width: 1024px) 100vw, 1024px\" \/><\/figure>\n<\/div>\n\n\n<p>Cuando hablamos de la relaci\u00f3n del infante con la madre, hablamos de una relaci\u00f3n rec\u00edproca entre la madre y el infante. Ella es quien eligi\u00f3 su embarazo, traer a la luz a su criatura y es su responsabilidad frente a la vida lo que seguir\u00e1 desde el momento de su nacimiento en adelante.<\/p>\n\n\n\n<p>El beb\u00e9 establece una relaci\u00f3n sin\u00e9rgica con su madre, ambos vibran energ\u00e9tica y biol\u00f3gicamente. \u00c9l puede identificar c\u00f3mo se siente su madre, y ella es el \u00fanico ser viviente capaz de identificar el plan interno y la programaci\u00f3n con la que nace ese ser.<\/p>\n\n\n\n<p>Esa beba o ese beb\u00e9 ya vienen con su plan gen\u00e9tico listo para ser activado, y solo ella \u2013la madre- est\u00e1 en capacidad de identificar cu\u00e1les son sus verdaderas necesidades internas; necesidades aut\u00e9nticas del beb\u00e9. Ella tiene el deber \u00e9tico frente a la vida de identificar esas necesidades para preparar ambientes adecuados, de tal manera que el infante pueda satisfacer al m\u00e1ximo su necesidad. Esto proporcionar\u00e1 la construcci\u00f3n de un ser \u201csatisfecho y realizado\u201d con la vida, y no \u201cadaptado\u201d a una situaci\u00f3n por dependencias emocionales.<\/p>\n\n\n\n<p>El momento sagrado del nacimiento traza el inicio del camino. En un parto natural el beb\u00e9, de forma \u201cnatural y espont\u00e1nea\u201d, avisa que ya quiere bajar y llegar. Sale por el canal, se activa su sistema l\u00edmbico cerebral y ve con agrado por primera vez la luz. Por otra parte, en una ces\u00e1rea, el cirujano abre el vientre sin avisarle y comete el primer acto atropellador hacia la vida, el beb\u00e9 tiende a devolverse. Por primera vez, se encuentra con la muerte antes de vivir. El beb\u00e9 nacido por ces\u00e1rea es, o muy temeroso y t\u00edmido, o muy atrevido y lanzado.<\/p>\n\n\n\n<p>Esta cr\u00eda mam\u00edfera llega con necesidades vitales primarias como son el calorcito de la madre, y succionar de la mama de su progenitora. Dando de mamar leche materna activamos todos los principios sin\u00e9rgicos en el beb\u00e9 y en su madre: el deseo de proteger a la cr\u00eda, satisfacer el hambre, sentirse protegido y amado, sentir seguridad frente a la vida, el contacto t\u00e1ctil, el hacerse m\u00e1s inteligente, el acariciarse mutuamente, el mejor antibi\u00f3tico, la mejor vacuna, el coqueteo ocular, el desarrollo de la picard\u00eda y la comunicaci\u00f3n oral afectiva, ver a la vida crecer y florecer con amor y felicidad&#8230;<\/p>\n\n\n\n<p>La boca est\u00e1 unida al o\u00eddo, a la nariz y a la garganta. Cuando biol\u00f3gicamente el \u201cmam\u00edfero no puede agarrar a la presa\u201d, es decir, que no pudo mamar de la \u201cmama\u201d de su madre, es muy factible que durante los primeros cinco a\u00f1os de vida se activen las enfermedades relacionadas con la amigdalitis, sinusitis y otitis. Todas las se\u00f1oras \u201citis\u201d vienen a visitar al beb\u00e9.<\/p>\n\n\n\n<p>El beb\u00e9 llega desde el nacimiento con su propio lenguaje corporal, su singularidad y da manifestaciones de agrado o desarmon\u00eda hacia las diferentes situaciones. La mami debe hablar con \u00e9l respetuosamente e indicarle todos los cuidados higi\u00e9nicos a realizar. De esta forma desaparecen los actos mec\u00e1nicos y el beb\u00e9 aprende a dar se\u00f1ales cuando ya est\u00e1 listo a cooperar con los actos de cuidado.<\/p>\n\n\n\n<p>El infante llega equipado con todo lo &nbsp;necesario para ser feliz: sus sentidos. Ellos son el canal de comunicaci\u00f3n con la vida. Por medio de ellos se dedica al mundo y conoce c\u00f3mo funciona.<\/p>\n\n\n\n<p>As\u00ed mismo, es importante se\u00f1alar que en el tacto se consigue la prolongaci\u00f3n de su inteligencia. En las yemas de sus deditos se encuentran los terminales de las fibras nerviosas que llevan los mensajes al cerebro. Un ambiente preparado adecuadamente \u2013con esmero y agrado\u2013 estimula al beb\u00e9. Un masaje amoroso antes del ba\u00f1o lo ayuda a crecer saludablemente y a hacerse m\u00e1s intr\u00e9pido a nivel mental.<\/p>\n\n\n\n<p>El beb\u00e9 manifiesta la historia de la evoluci\u00f3n en su primer a\u00f1o de vida. Inici\u00f3 su camino como pez en el l\u00edquido materno, se arrastr\u00f3 como anfibio, rept\u00f3, se sent\u00f3 y se par\u00f3. Camin\u00f3 como humano para iniciar el camino de la vida y el sendero del aprendizaje mayor al que llega el ser humano: Aprender qu\u00e9 cosa realmente es el <strong>AMOR.<\/strong> <\/p>\n\n\n\n<p>Dependiendo de c\u00f3mo tratemos al ni\u00f1o en sus primeros seis a\u00f1os de vida, trazaremos las bases de la personalidad de ese SER, y \u00e9l podr\u00e1 llenar cada una de sus c\u00e9lulas con bienestar, mirando su vida con agrado y alegr\u00eda, despertando cada ma\u00f1ana con una sonrisa que indica que tiene muchas ganas de vivir. O, contradictoriamente \u2013como es la realidad de muchos chiquitos colombianos\u2013, llenar cada una de las c\u00e9lulas de su ser con maltrato infantil (violencia, sobreprotecci\u00f3n, indiferencia), y con malestar por la vida. Es as\u00ed como en nuestro pa\u00eds \u2013desde el seno familiar\u2013 se construyen seres que cada ma\u00f1ana al levantarse ven la vida oscura y agresiva, llena de desamor. <\/p>\n\n\n\n<p><strong>\u00bfCu\u00e1l de las dos opciones tomar\u00edas t\u00fa?<\/strong><\/p>\n","protected":false},"excerpt":{"rendered":"<p>\u201c\u00bfQu\u00e9 es una Mam\u00e1? &#8230; Es cuando despu\u00e9s de 9 meses de gestaci\u00f3n un beb\u00e9 da a luz una madre&#8230;\u201d Jairo Anibal Ni\u00f1o Cuando hablamos de la relaci\u00f3n del infante con la madre, hablamos de una relaci\u00f3n rec\u00edproca entre la madre y el infante. Ella es quien eligi\u00f3 su embarazo, traer a la luz a [&hellip;]<\/p>\n","protected":false},"author":2,"featured_media":206,"comment_status":"closed","ping_status":"closed","sticky":false,"template":"","format":"standard","meta":{"footnotes":""},"categories":[5],"tags":[],"class_list":["post-82","post","type-post","status-publish","format-standard","has-post-thumbnail","hentry","category-educacion"],"_links":{"self":[{"href":"https:\/\/montessoricali.edu.co\/blog\/index.php\/wp-json\/wp\/v2\/posts\/82","targetHints":{"allow":["GET"]}}],"collection":[{"href":"https:\/\/montessoricali.edu.co\/blog\/index.php\/wp-json\/wp\/v2\/posts"}],"about":[{"href":"https:\/\/montessoricali.edu.co\/blog\/index.php\/wp-json\/wp\/v2\/types\/post"}],"author":[{"embeddable":true,"href":"https:\/\/montessoricali.edu.co\/blog\/index.php\/wp-json\/wp\/v2\/users\/2"}],"replies":[{"embeddable":true,"href":"https:\/\/montessoricali.edu.co\/blog\/index.php\/wp-json\/wp\/v2\/comments?post=82"}],"version-history":[{"count":2,"href":"https:\/\/montessoricali.edu.co\/blog\/index.php\/wp-json\/wp\/v2\/posts\/82\/revisions"}],"predecessor-version":[{"id":260,"href":"https:\/\/montessoricali.edu.co\/blog\/index.php\/wp-json\/wp\/v2\/posts\/82\/revisions\/260"}],"wp:featuredmedia":[{"embeddable":true,"href":"https:\/\/montessoricali.edu.co\/blog\/index.php\/wp-json\/wp\/v2\/media\/206"}],"wp:attachment":[{"href":"https:\/\/montessoricali.edu.co\/blog\/index.php\/wp-json\/wp\/v2\/media?parent=82"}],"wp:term":[{"taxonomy":"category","embeddable":true,"href":"https:\/\/montessoricali.edu.co\/blog\/index.php\/wp-json\/wp\/v2\/categories?post=82"},{"taxonomy":"post_tag","embeddable":true,"href":"https:\/\/montessoricali.edu.co\/blog\/index.php\/wp-json\/wp\/v2\/tags?post=82"}],"curies":[{"name":"wp","href":"https:\/\/api.w.org\/{rel}","templated":true}]}}