{"id":91,"date":"2023-09-15T07:17:08","date_gmt":"2023-09-15T12:17:08","guid":{"rendered":"https:\/\/montessoricali.edu.co\/blog\/?p=91"},"modified":"2023-10-13T09:27:58","modified_gmt":"2023-10-13T14:27:58","slug":"sobre-el-bullying-o-matoneo-escolar","status":"publish","type":"post","link":"https:\/\/montessoricali.edu.co\/blog\/index.php\/2023\/09\/15\/sobre-el-bullying-o-matoneo-escolar\/","title":{"rendered":"Sobre el Bullying o Matoneo Escolar"},"content":{"rendered":"\n<p><em>Hace nueve a\u00f1os -15 de Marzo del 2013- el Ministerio de Educaci\u00f3n Nacional emiti\u00f3 la <em>Ley 1620 por la cual se crea:<\/em><br><\/em><\/p>\n\n\n\n<blockquote class=\"wp-block-quote is-layout-flow wp-block-quote-is-layout-flow\">\n<p><strong><em>El Sistema Nacional de Convivencia Escolar<\/em><\/strong> <strong><em>y Formaci\u00f3n para el Ejercicio de los Derechos Humanos,<\/em><\/strong> <strong><em>La Educaci\u00f3n para la Sexualidad y la Prevenci\u00f3n<\/em><\/strong> <strong><em>y Mitigaci\u00f3n de la Violencia Escolar<\/em><\/strong><\/p>\n<\/blockquote>\n\n\n<div class=\"wp-block-image\">\n<figure class=\"alignright size-large is-resized\"><img loading=\"lazy\" decoding=\"async\" width=\"1024\" height=\"1024\" src=\"https:\/\/montessoricali.edu.co\/blog\/wp-content\/uploads\/2023\/09\/5-1024x1024.jpg\" alt=\"\" class=\"wp-image-204\" style=\"aspect-ratio:1;width:428px;height:auto\" srcset=\"https:\/\/montessoricali.edu.co\/blog\/wp-content\/uploads\/2023\/09\/5-1024x1024.jpg 1024w, https:\/\/montessoricali.edu.co\/blog\/wp-content\/uploads\/2023\/09\/5-300x300.jpg 300w, https:\/\/montessoricali.edu.co\/blog\/wp-content\/uploads\/2023\/09\/5-150x150.jpg 150w, https:\/\/montessoricali.edu.co\/blog\/wp-content\/uploads\/2023\/09\/5-768x768.jpg 768w, https:\/\/montessoricali.edu.co\/blog\/wp-content\/uploads\/2023\/09\/5-1536x1536.jpg 1536w, https:\/\/montessoricali.edu.co\/blog\/wp-content\/uploads\/2023\/09\/5-2048x2048.jpg 2048w\" sizes=\"auto, (max-width: 1024px) 100vw, 1024px\" \/><\/figure>\n<\/div>\n\n\n<p><em>Cuando leo este enunciado que se hizo oficial en el territorio nacional, pienso entonces en la masacre que ocurri\u00f3 en Denver, Colorado (USA), en una escuela estatal. Recuerdo a Ursula Trusch, la creadora de la Academia Montessori para la PAZ en el mundo Montessori, quien no buscaba \u201cculpables\u201d pero s\u00ed cuestionaba a los \u201cresponsables\u201d por aquellos chicos y j\u00f3venes, y en especial su \u201cpresencia\u201d cuando ellos confeccionaban los armamentos y guardaban los explosivos con los que causaron semejante cat\u00e1strofe dentro de una instituci\u00f3n educativa.<\/em><\/p>\n\n\n\n<p><em>Es muy f\u00e1cil que nos sorprendamos frente a hechos violentos en la escuela, y de consecuencias que nos abruman cuando los accidentes involucran la vida o cuando se causan lesiones permanentes para la seguridad e integridad del cuerpo f\u00edsico y la salud mental.<\/em><\/p>\n\n\n\n<p><em>A comienzos del a\u00f1o lectivo 2012-2013, un joven decidi\u00f3 arrojar una navaja al aire durante la izada de bandera en un colegio p\u00fablico de un pueblo de nuestra rep\u00fablica. El cuchillo qued\u00f3 clavado en el cerebro de un estudiante de la instituci\u00f3n educativa. Tuvo que ser trasladado a una ciudad principal, para que el arma blanca fuera extra\u00edda. En el a\u00f1o 2012 un joven salt\u00f3 por una pared al patio de una casa. El due\u00f1o del inmueble lo confundi\u00f3 con un ladr\u00f3n y le dispar\u00f3. A\u00fan no se sabe de qu\u00e9 o de qui\u00e9nes se proteg\u00eda o se escond\u00eda este joven. Falleci\u00f3. Un ni\u00f1o empuja al otro en una fila para ingresar al cole, el otro le agarra en el ba\u00f1o y le clava unas tijeras escolares en su vena aorta. El ni\u00f1o muri\u00f3.<\/em><\/p>\n\n\n\n<p><em>Y as\u00ed podr\u00edamos continuar describiendo interminablemente situaciones donde las balas, el ego, los pu\u00f1os y las armas improvisadas se confunden con el odio y la intolerancia, hasta llegar a la muerte. \u00bfC\u00f3mo nuestra cultura est\u00e1 fortaleciendo la verdadera esencia de la raza humana?<\/em><\/p>\n\n\n\n<p><em>Vamos primero a aclarar el concepto de Bullying o matoneo escolar, el cual se ha puesto de moda hasta convertir todo acto desarm\u00f3nico en \u201cbullying\u201d. Ll\u00e1mese a este concepto, acoso permanente reiterativo, ya sea de tipo f\u00edsico o psicol\u00f3gico, hasta llegar al maltrato integral del individuo. Existe adem\u00e1s el bullying laboral entre adultos. Ello es totalmente diferente&nbsp; a situaciones de impaciencia e intolerancia que todo ser humano tiene derecho a vivir. Se da con los pares en los ambientes escolares. Es necesario vivir momentos de desarmon\u00eda para poder saborear la armon\u00eda, es importante sentirse triste para disfrutar el estar alegre y feliz. Es esencial analizar decisiones no tan acertadas para poder elegir mejor en una pr\u00f3xima ocasi\u00f3n. Es decir que no podemos satanizar la experiencia para convertir todo lo que no nos gusta en bullying.<\/em><\/p>\n\n\n\n<p><em>Considero m\u00e1s importante analizar m\u00e1s que los hechos o resultados tenebrosos, tomar una mirada profunda hacia los or\u00edgenes y los ambientes en los que creci\u00f3 el ser humano, sobre todo durante su primer y segundo septenio. Hijos de padres reproductores, proveedores, ausentes, maltratadores, que hacen leer en su peque\u00f1o que su existencia se esfuma como la neblina, que es una carga, o que su funci\u00f3n es obedecer al tirano o actuar y pensar como el adulto as\u00ed lo decida, como si no fuese un ser con vida, pensante y con libre albedr\u00edo.<\/em><\/p>\n\n\n\n<p><em>\u00a1S\u00ed! Las heridas de la infancia van sanando, pero las cicatrices marcan para siempre. O quiz\u00e1s las cicatrices han sanado superficialmente llev\u00e1ndolas al terreno del olvido, escondiendo escenas en el consciente, pero que yacen all\u00ed, ocultas en el subconsciente. Entonces elegimos dormir la conciencia para no recordar. Nos abrazamos a la superficialidad mientras que la espiritualidad pasa a segundo plano. Abrimos los sentidos, pero esta vez no para conocer al mundo, sino para atiborrar y enloquecernos con sonidos y frecuencias que perjudican a la persona, hasta caer en la promiscuidad, la drogadicci\u00f3n y todas las consecuencias fatales que ya todos conocemos: Orgullo, avaricia, ambici\u00f3n, que nos pueden llevar al asesinato y a la muerte.<\/em><\/p>\n\n\n\n<p><em>Debemos unirnos en un abrazo fraternal, tanto los padres y madres, como los adultos educadores que acompa\u00f1amos a ni\u00f1os inocentes, indefensos, j\u00f3venes vulnerables y confundidos, para construir una pared protectora. No para alejarlos de la realidad cruda, pero s\u00ed para protegerlos, demostr\u00e1ndoles y demostr\u00e1ndonos a nosotros mismos que el amor es una energ\u00eda poderosa,&nbsp; que s\u00ed es posible un mundo mejor y una sociedad m\u00e1s sana y pac\u00edfica que verifique que la equidad y la felicidad no son una utop\u00eda sino una decisi\u00f3n, una posibilidad, una realidad a ser construida en solidaridad y en comunidad.<\/em><\/p>\n","protected":false},"excerpt":{"rendered":"<p>Hace nueve a\u00f1os -15 de Marzo del 2013- el Ministerio de Educaci\u00f3n Nacional emiti\u00f3 la Ley 1620 por la cual se crea: El Sistema Nacional de Convivencia Escolar y Formaci\u00f3n para el Ejercicio de los Derechos Humanos, La Educaci\u00f3n para la Sexualidad y la Prevenci\u00f3n y Mitigaci\u00f3n de la Violencia Escolar Cuando leo este enunciado [&hellip;]<\/p>\n","protected":false},"author":2,"featured_media":204,"comment_status":"closed","ping_status":"closed","sticky":false,"template":"","format":"standard","meta":{"footnotes":""},"categories":[5],"tags":[],"class_list":["post-91","post","type-post","status-publish","format-standard","has-post-thumbnail","hentry","category-educacion"],"_links":{"self":[{"href":"https:\/\/montessoricali.edu.co\/blog\/index.php\/wp-json\/wp\/v2\/posts\/91","targetHints":{"allow":["GET"]}}],"collection":[{"href":"https:\/\/montessoricali.edu.co\/blog\/index.php\/wp-json\/wp\/v2\/posts"}],"about":[{"href":"https:\/\/montessoricali.edu.co\/blog\/index.php\/wp-json\/wp\/v2\/types\/post"}],"author":[{"embeddable":true,"href":"https:\/\/montessoricali.edu.co\/blog\/index.php\/wp-json\/wp\/v2\/users\/2"}],"replies":[{"embeddable":true,"href":"https:\/\/montessoricali.edu.co\/blog\/index.php\/wp-json\/wp\/v2\/comments?post=91"}],"version-history":[{"count":2,"href":"https:\/\/montessoricali.edu.co\/blog\/index.php\/wp-json\/wp\/v2\/posts\/91\/revisions"}],"predecessor-version":[{"id":258,"href":"https:\/\/montessoricali.edu.co\/blog\/index.php\/wp-json\/wp\/v2\/posts\/91\/revisions\/258"}],"wp:featuredmedia":[{"embeddable":true,"href":"https:\/\/montessoricali.edu.co\/blog\/index.php\/wp-json\/wp\/v2\/media\/204"}],"wp:attachment":[{"href":"https:\/\/montessoricali.edu.co\/blog\/index.php\/wp-json\/wp\/v2\/media?parent=91"}],"wp:term":[{"taxonomy":"category","embeddable":true,"href":"https:\/\/montessoricali.edu.co\/blog\/index.php\/wp-json\/wp\/v2\/categories?post=91"},{"taxonomy":"post_tag","embeddable":true,"href":"https:\/\/montessoricali.edu.co\/blog\/index.php\/wp-json\/wp\/v2\/tags?post=91"}],"curies":[{"name":"wp","href":"https:\/\/api.w.org\/{rel}","templated":true}]}}